{"id":1289,"date":"2020-04-09T16:11:00","date_gmt":"2020-04-09T14:11:00","guid":{"rendered":"https:\/\/alineamientoenergetico.com\/fr\/?p=1289"},"modified":"2025-01-11T11:11:04","modified_gmt":"2025-01-11T10:11:04","slug":"alignement-energetique-en-europe","status":"publish","type":"post","link":"https:\/\/alineamientoenergetico.com\/fr\/alignement-energetique-en-europe\/","title":{"rendered":"S\u00e9ances d&rsquo;alignement \u00e9nerg\u00e9tique Or Vert \u2013 2025"},"content":{"rendered":"\n<p>Les consultations individuelles organis\u00e9es par Alquimia sont effectu\u00e9es par la cr\u00e9atrice de la technique d&rsquo;alignement \u00e9nerg\u00e9tique Or Vert, D\u00e9sir\u00e9e Oliveira et la co-cr\u00e9atrice de la formation et professeur de la technique Or Vert, Mei Samarra. La s\u00e9ance individuelle (dur\u00e9e de 1h \u00e0 1h30) avec D\u00e9sir\u00e9e Oliveira  est effectu\u00e9e \u00e0 l&rsquo;aide d&rsquo;un traducteur.<\/p>\n\n\n\n<p>D\u00e9sir\u00e9e Oliveira et Mei Samarra donnent des consultations tout au long de l&rsquo;ann\u00e9e en ligne et en France et en Suisse entre le mois de juin et juillet.<\/p>\n\n\n\n<figure class=\"wp-block-image alignleft size-large is-resized\"><img fetchpriority=\"high\" decoding=\"async\" width=\"873\" height=\"1024\" src=\"https:\/\/alineamientoenergetico.com\/fr\/wp-content\/uploads\/2020\/04\/WhatsApp-Image-2018-09-14-at-16.12.15-2-873x1024.jpeg\" alt=\"\" class=\"wp-image-1208\" style=\"width:152px;height:178px\" srcset=\"https:\/\/alineamientoenergetico.com\/fr\/wp-content\/uploads\/2020\/04\/WhatsApp-Image-2018-09-14-at-16.12.15-2-873x1024.jpeg 873w, https:\/\/alineamientoenergetico.com\/fr\/wp-content\/uploads\/2020\/04\/WhatsApp-Image-2018-09-14-at-16.12.15-2-256x300.jpeg 256w, https:\/\/alineamientoenergetico.com\/fr\/wp-content\/uploads\/2020\/04\/WhatsApp-Image-2018-09-14-at-16.12.15-2-768x900.jpeg 768w, https:\/\/alineamientoenergetico.com\/fr\/wp-content\/uploads\/2020\/04\/WhatsApp-Image-2018-09-14-at-16.12.15-2.jpeg 1062w\" sizes=\"(max-width: 873px) 100vw, 873px\" \/><\/figure>\n\n\n\n<p><strong>Mei Samarra<\/strong> <\/p>\n\n\n\n<ul class=\"wp-block-list\">\n<li>Paris: Prochaines s\u00e9ances en pr\u00e9sence en 2025 &#8211; dates \u00e0 d\u00e9termin\u00e9es ult\u00e9rieurement.<\/li>\n\n\n\n<li>Possibilit\u00e9 d&rsquo;obtenir une s\u00e9ance \u00e0 distance en ligne sur Zoom ou GoogleMeet toute l&rsquo;ann\u00e9e.<br><\/li>\n<\/ul>\n\n\n\n<hr class=\"wp-block-separator has-css-opacity\"\/>\n\n\n\n<figure class=\"wp-block-image alignleft size-full\"><img decoding=\"async\" width=\"124\" height=\"173\" src=\"https:\/\/alineamientoenergetico.com\/fr\/wp-content\/uploads\/2020\/04\/chamane-d\u00e9sir\u00e9e-oliveira-2.jpg\" alt=\"\" class=\"wp-image-1210\"\/><figcaption class=\"wp-element-caption\">D\u00e9sir\u00e9e Oliveira<\/figcaption><\/figure>\n\n\n\n<p><strong>D\u00e9sir\u00e9e Oliveira<\/strong><\/p>\n\n\n\n<ul class=\"wp-block-list\">\n<li>Paris: prochaines s\u00e9ances en pr\u00e9sence en Europe en juin et juilet.<\/li>\n\n\n\n<li>Possibilit\u00e9 de demander une s\u00e9ance \u00e0 distance avec traducteur \u00e0 travers Zoom toute l&rsquo;ann\u00e9e. Nous consulter.<\/li>\n<\/ul>\n\n\n\n<p><\/p>\n\n\n\n<figure class=\"wp-block-image aligncenter size-large is-resized\"><img decoding=\"async\" width=\"389\" height=\"132\" src=\"https:\/\/alineamientoenergetico.com\/fr\/wp-content\/uploads\/2020\/04\/alquimia-alignement.png\" alt=\"\" class=\"wp-image-1921\" style=\"width:463px;height:158px\" srcset=\"https:\/\/alineamientoenergetico.com\/fr\/wp-content\/uploads\/2020\/04\/alquimia-alignement.png 389w, https:\/\/alineamientoenergetico.com\/fr\/wp-content\/uploads\/2020\/04\/alquimia-alignement-300x102.png 300w\" sizes=\"(max-width: 389px) 100vw, 389px\" \/><\/figure>\n\n\n\n<hr class=\"wp-block-separator has-css-opacity\"\/>\n\n\n\n<p class=\"has-text-align-center\">Si vous souhaitez vous inscrire \u00e0 une s\u00e9ance individuelle ou obtenir davantage d&rsquo;informations sur la technique, les cursus de formation ou souhaitez organiser une conf\u00e9rence ou des consultations dans votre ville, n&rsquo;h\u00e9sitez-pas \u00e0 contacter St\u00e9phane par email:<br>orvert@alineamientoenergetico.com<br>ou par t\u00e9l\u00e9phone : 06-79-61-01-00<\/p>\n\n\n\n<p><br><strong>D\u00e9finition br\u00e8ve de l\u2019alignement \u00e9nerg\u00e9tique Or Vert <\/strong><br>L\u2019<a href=\"https:\/\/alineamientoenergetico.com\/fr\/alignement\/\">alignement \u00e9nerg\u00e9tique<\/a> est une technique th\u00e9rapeutique apprise aupr\u00e8s des indiens br\u00e9siliens qui utilise la sensibilit\u00e9 extrasensorielle pour percevoir les blocages \u00e9nerg\u00e9tiques psycho-\u00e9motionnels qui nous \u00e9loignent de notre \u00eatre.<br>Il s\u2019agit de nous lib\u00e9rer de comportements obsessifs et d\u00e9s\u00e9quilibr\u00e9s qui nous font vivre des situations concr\u00e8tes parfois d\u00e9sagr\u00e9ables. \u00c0 travers une connexion plus authentique et r\u00e9elle avec notre \u00eatre, nous acc\u00e9dons \u00e0 plusieurs v\u00e9rit\u00e9s qui se trouvent dans notre c\u0153ur et laissons l\u2019\u00e9nergie de l\u2019Amour prendre le soin de nous apporter les transformations n\u00e9cessaires \u00e0 notre \u00e9volution. <\/p>\n\n\n\n<p><a href=\"https:\/\/alineamientoenergetico.com\/fr\/formation-alignement-energetique-or-vert-paris-2023\/\">FORMATION \u00c0 L&rsquo;ALIGNEMENT \u00c9NERG\u00c9TIQUE OR VERT<\/a><\/p>\n\n\n\n<p>Chaque ann\u00e9e, Alquimia propose une <a href=\"https:\/\/alineamientoenergetico.com\/fr\/formation-alignement-energetique-or-vert-paris-2023\/\">formation<\/a> qui enseigne la technique Or Vert pour le faire sur soi-m\u00eame et sur les autres dans un cadre professionnelle. Il y a une formation par an qui se d\u00e9roule en juillet en Suisse \u00e0 Lausanne.<\/p>\n","protected":false},"excerpt":{"rendered":"<p>Les consultations individuelles organis\u00e9es par Alquimia sont effectu\u00e9es par la cr\u00e9atrice de la technique d&rsquo;alignement \u00e9nerg\u00e9tique Or Vert, D\u00e9sir\u00e9e Oliveira et la co-cr\u00e9atrice de la formation et professeur de la technique Or Vert, Mei Samarra. La s\u00e9ance individuelle (dur\u00e9e de 1h \u00e0 1h30) avec D\u00e9sir\u00e9e Oliveira est effectu\u00e9e \u00e0 l&rsquo;aide d&rsquo;un traducteur. D\u00e9sir\u00e9e Oliveira et Mei Samarra donnent des consultations tout au long de l&rsquo;ann\u00e9e en ligne et en France et en Suisse entre le\u2026<\/p>\n","protected":false},"author":1,"featured_media":2098,"comment_status":"closed","ping_status":"open","sticky":false,"template":"","format":"standard","meta":{"site-sidebar-layout":"default","site-content-layout":"default","ast-site-content-layout":"default","site-content-style":"default","site-sidebar-style":"default","ast-global-header-display":"","ast-banner-title-visibility":"","ast-main-header-display":"","ast-hfb-above-header-display":"","ast-hfb-below-header-display":"","ast-hfb-mobile-header-display":"","site-post-title":"","ast-breadcrumbs-content":"","ast-featured-img":"disabled","footer-sml-layout":"","ast-disable-related-posts":"","theme-transparent-header-meta":"default","adv-header-id-meta":"","stick-header-meta":"","header-above-stick-meta":"","header-main-stick-meta":"","header-below-stick-meta":"","astra-migrate-meta-layouts":"set","ast-page-background-enabled":"default","ast-page-background-meta":{"desktop":{"background-color":"","background-image":"","background-repeat":"repeat","background-position":"center center","background-size":"auto","background-attachment":"scroll","background-type":"","background-media":"","overlay-type":"","overlay-color":"","overlay-opacity":"","overlay-gradient":""},"tablet":{"background-color":"","background-image":"","background-repeat":"repeat","background-position":"center center","background-size":"auto","background-attachment":"scroll","background-type":"","background-media":"","overlay-type":"","overlay-color":"","overlay-opacity":"","overlay-gradient":""},"mobile":{"background-color":"","background-image":"","background-repeat":"repeat","background-position":"center center","background-size":"auto","background-attachment":"scroll","background-type":"","background-media":"","overlay-type":"","overlay-color":"","overlay-opacity":"","overlay-gradient":""}},"ast-content-background-meta":{"desktop":{"background-color":"var(--ast-global-color-5)","background-image":"","background-repeat":"repeat","background-position":"center center","background-size":"auto","background-attachment":"scroll","background-type":"","background-media":"","overlay-type":"","overlay-color":"","overlay-opacity":"","overlay-gradient":""},"tablet":{"background-color":"var(--ast-global-color-5)","background-image":"","background-repeat":"repeat","background-position":"center center","background-size":"auto","background-attachment":"scroll","background-type":"","background-media":"","overlay-type":"","overlay-color":"","overlay-opacity":"","overlay-gradient":""},"mobile":{"background-color":"var(--ast-global-color-5)","background-image":"","background-repeat":"repeat","background-position":"center center","background-size":"auto","background-attachment":"scroll","background-type":"","background-media":"","overlay-type":"","overlay-color":"","overlay-opacity":"","overlay-gradient":""}},"footnotes":""},"categories":[14,10],"tags":[],"class_list":["post-1289","post","type-post","status-publish","format-standard","has-post-thumbnail","hentry","category-alignement","category-chamanisme"],"_links":{"self":[{"href":"https:\/\/alineamientoenergetico.com\/fr\/wp-json\/wp\/v2\/posts\/1289","targetHints":{"allow":["GET"]}}],"collection":[{"href":"https:\/\/alineamientoenergetico.com\/fr\/wp-json\/wp\/v2\/posts"}],"about":[{"href":"https:\/\/alineamientoenergetico.com\/fr\/wp-json\/wp\/v2\/types\/post"}],"author":[{"embeddable":true,"href":"https:\/\/alineamientoenergetico.com\/fr\/wp-json\/wp\/v2\/users\/1"}],"replies":[{"embeddable":true,"href":"https:\/\/alineamientoenergetico.com\/fr\/wp-json\/wp\/v2\/comments?post=1289"}],"version-history":[{"count":34,"href":"https:\/\/alineamientoenergetico.com\/fr\/wp-json\/wp\/v2\/posts\/1289\/revisions"}],"predecessor-version":[{"id":2868,"href":"https:\/\/alineamientoenergetico.com\/fr\/wp-json\/wp\/v2\/posts\/1289\/revisions\/2868"}],"wp:featuredmedia":[{"embeddable":true,"href":"https:\/\/alineamientoenergetico.com\/fr\/wp-json\/wp\/v2\/media\/2098"}],"wp:attachment":[{"href":"https:\/\/alineamientoenergetico.com\/fr\/wp-json\/wp\/v2\/media?parent=1289"}],"wp:term":[{"taxonomy":"category","embeddable":true,"href":"https:\/\/alineamientoenergetico.com\/fr\/wp-json\/wp\/v2\/categories?post=1289"},{"taxonomy":"post_tag","embeddable":true,"href":"https:\/\/alineamientoenergetico.com\/fr\/wp-json\/wp\/v2\/tags?post=1289"}],"curies":[{"name":"wp","href":"https:\/\/api.w.org\/{rel}","templated":true}]}}